{"id":30,"date":"2018-08-19T12:13:22","date_gmt":"2018-08-19T12:13:22","guid":{"rendered":"https:\/\/www.melanie-platz.com\/?p=30"},"modified":"2025-06-04T14:20:35","modified_gmt":"2025-06-04T14:20:35","slug":"kooperation-mit-suedafrika-oer","status":"publish","type":"post","link":"https:\/\/melanie-platz.com\/startseite\/uncategorized\/kooperation-mit-suedafrika-oer\/","title":{"rendered":"Kooperation mit S\u00fcdafrika: OER"},"content":{"rendered":"\n<div>\n<p><span style=\"font-size: 12pt;\">In Kooperation mit dem Council for Scientific and Industrial Research (CSIR), der University of South Africa (UNISA) und der University of Pretoria werden Konzepte zu Fortbildungen und Workshops f\u00fcr Lehrerinnen und Lehrer sowie Studierende im Kontext von digitalen Medien in der Lehre und Informations- und Kommunikationstechnologie f\u00fcr die Entwicklungszusammenarbeit (ICT4D) entwickelt und erprobt. Dies geschah unter anderem auch im Rahmen meiner DAAD-gef\u00f6rderten Kurzzeitdozentur an der University of Pretoria (S\u00fcdafrika).<\/span><\/p>\n<p><span style=\"font-size: 12pt;\">Ferner werden gemeinsam mit der UNISA als Fernuniversit\u00e4t ein ICT4D Knowledge Repository sowie Methoden des Open Distance Learning<\/span><br \/><span style=\"font-size: 12pt;\">entwickelt.<\/span><\/p>\n<h2>Bisheriger Austausch<\/h2>\n<h3>University of Pretoria<\/h3>\n<p><span style=\"font-size: 12pt;\">DAAD-gef\u00f6rderte Kurzzeitdozentur 08\/2017-09\/2017<\/span><\/p>\n<ul>\n<li><span style=\"font-size: 12pt;\">Beschreibung: Lehre und Forschung im Bereich Mathematics Education und Computer Application Technology<\/span><\/li>\n<\/ul>\n<p>&nbsp;<\/p>\n<p><span style=\"font-size: 12pt;\">Besuch einer Gastdoktorandin 10\/2018 &#8211; 03\/2019<\/span><\/p>\n<ul>\n<li><span style=\"font-size: 12pt;\">Beschreibung: Betreuung einer PhD-Studentin der University of Pretoria, die in ihrer Dissertation das Thema &#8222;The use of educational technology in mathematics &#8211; a cross-country comparison&#8220; bearbeitet und durch eine DAAD- und NRF-F\u00f6rderung die Forschung zum Einsatz digitaler Medien im Mathematikunterricht der Primarstufe in Deutschland durchf\u00fchrt.<\/span><\/li>\n<\/ul>\n<h3>Deutsche Schule Pretoria<\/h3>\n<p><span style=\"font-size: 12pt;\">Praktikum und internationaler Vergleich im Mathematikunterricht der Grundschule<\/span><\/p>\n<ul>\n<li><span style=\"font-size: 12pt;\">Beschreibung: Im Rahmen von Abschlussarbeiten haben deutsche Studierende (bisher: der Universit\u00e4t Koblenz-Landau, Lehramt: Grundschule, Fach: Mathematik) im Rahmen eines Praktikums an der Deutschen Schule in Pretoria die M\u00f6glichkeit, vor Ort empirische Untersuchungen f\u00fcr ihre Abschlussarbeit durchzuf\u00fchren.<\/span><\/li>\n<\/ul>\n<h2>Projekte<\/h2>\n<h3>ICT4D in South Africa<\/h3>\n<p><span style=\"font-size: 12pt;\">Projektkoordination seit 09\/2014<\/span><\/p>\n<ul>\n<li><span style=\"font-size: 12pt;\">Beschreibung: ICT4D (Information and Communication Technology for Development) in South Africa befasst sich mit der Entwicklung und Bereitstellung von OER und OER-Konzepten sowie von Teacher Professional Development Training. Empirische Unterrichtsforschung wird betrieben, um M\u00f6glichkeiten zur Einbindung digitaler Medien im Schulunterricht und in der Hochschullehre zu untersuchen.<\/span><\/li>\n<li><span style=\"font-size: 12pt;\">Kooperation: Projektkooperation mit dem CSIR&#8217;s Meraka Institute und der School of Computing der University of South Africa, Pretoria, S\u00fcdafrika<\/span><\/li>\n<li><span style=\"font-size: 12pt;\">Pilotregion: North West Province, S\u00fcdafrika<\/span><\/li>\n<\/ul>\n<h3>ICT4D KR Southern Africa<\/h3>\n<p><span style=\"font-size: 12pt;\">Verantwortlich f\u00fcr den Bereich mathematische Modellbildung und adaptives GUI-Design seit 09\/2014<\/span><\/p>\n<ul>\n<li><span style=\"font-size: 12pt;\">Beschreibung: ICT4D KR (Information and Communication Technology for Development Knowledge Repository) for Southern Africa befasst sich mit der Entwicklung eines offenen ICT4D Knowledge Repository f\u00fcr das s\u00fcdliche Afrika<\/span><\/li>\n<li><span style=\"font-size: 12pt;\">Kooperation: Projektkooperation mit der University of South Africa (UNISA)<\/span><\/li>\n<li><span style=\"font-size: 12pt;\">Pilotregion: S\u00fcdafrika<\/span><\/li>\n<li><span style=\"font-size: 12pt;\">Web: <a href=\"https:\/\/sites.google.com\/site\/saict4dksp\/\">https:\/\/sites.google.com\/site\/saict4dksp\/<\/a><\/span><\/li>\n<\/ul>\n<\/div>\n","protected":false},"excerpt":{"rendered":"","protected":false},"author":2,"featured_media":464,"comment_status":"closed","ping_status":"closed","sticky":false,"template":"","format":"standard","meta":{"footnotes":""},"categories":[1],"tags":[],"class_list":["post-30","post","type-post","status-publish","format-standard","has-post-thumbnail","hentry","category-uncategorized","has-thumbnail"],"_links":{"self":[{"href":"https:\/\/melanie-platz.com\/startseite\/wp-json\/wp\/v2\/posts\/30","targetHints":{"allow":["GET"]}}],"collection":[{"href":"https:\/\/melanie-platz.com\/startseite\/wp-json\/wp\/v2\/posts"}],"about":[{"href":"https:\/\/melanie-platz.com\/startseite\/wp-json\/wp\/v2\/types\/post"}],"author":[{"embeddable":true,"href":"https:\/\/melanie-platz.com\/startseite\/wp-json\/wp\/v2\/users\/2"}],"replies":[{"embeddable":true,"href":"https:\/\/melanie-platz.com\/startseite\/wp-json\/wp\/v2\/comments?post=30"}],"version-history":[{"count":1,"href":"https:\/\/melanie-platz.com\/startseite\/wp-json\/wp\/v2\/posts\/30\/revisions"}],"predecessor-version":[{"id":465,"href":"https:\/\/melanie-platz.com\/startseite\/wp-json\/wp\/v2\/posts\/30\/revisions\/465"}],"wp:featuredmedia":[{"embeddable":true,"href":"https:\/\/melanie-platz.com\/startseite\/wp-json\/wp\/v2\/media\/464"}],"wp:attachment":[{"href":"https:\/\/melanie-platz.com\/startseite\/wp-json\/wp\/v2\/media?parent=30"}],"wp:term":[{"taxonomy":"category","embeddable":true,"href":"https:\/\/melanie-platz.com\/startseite\/wp-json\/wp\/v2\/categories?post=30"},{"taxonomy":"post_tag","embeddable":true,"href":"https:\/\/melanie-platz.com\/startseite\/wp-json\/wp\/v2\/tags?post=30"}],"curies":[{"name":"wp","href":"https:\/\/api.w.org\/{rel}","templated":true}]}}