{"id":32,"date":"2018-08-19T12:16:20","date_gmt":"2018-08-19T12:16:20","guid":{"rendered":"https:\/\/www.melanie-platz.com\/?p=32"},"modified":"2025-06-04T14:21:07","modified_gmt":"2025-06-04T14:21:07","slug":"risk-literacy-in-education","status":"publish","type":"post","link":"https:\/\/melanie-platz.com\/startseite\/uncategorized\/risk-literacy-in-education\/","title":{"rendered":"Risk Literacy in Education"},"content":{"rendered":"\n\n\n<h2>Projekte<\/h2>\n<h3>Mathematisches Umweltlabor<\/h3>\n<p><span style=\"font-size: 12pt;\">Projektmanagement 08\/2015-09\/2016; Organisation, Lehre &amp; Erforschung von Lern- und Bildungsprozessen 04\/2010-09\/2016<\/span><\/p>\n<ul>\n<li><span style=\"font-size: 12pt;\">Beschreibung: Forschendes Lernen und Entwicklung von Lehrprofessionalit\u00e4t im Umgang mit Sch\u00fclerinnen und Sch\u00fclern mit besonderer naturwissenschaftlicher Begabung<\/span><\/li>\n<li><span style=\"font-size: 12pt;\">Web: <a href=\"https:\/\/www.uni-koblenz-landau.de\/de\/zentral\/aslo\/math-umweltlabor\">https:\/\/www.uni-koblenz-landau.de\/de\/zentral\/aslo\/math-umweltlabor<\/a><\/span><\/li>\n<\/ul>\n<h3>Sch\u00fcleruniversit\u00e4t<\/h3>\n<p><span style=\"font-size: 12pt;\">Projektkoordination 09\/2014-09\/2016; Organisation &amp; Lehre 04\/2009-09\/2016<\/span><\/p>\n<ul>\n<li><span style=\"font-size: 12pt;\">Beschreibung: F\u00f6rderung von Sch\u00fclerinnen und Sch\u00fclern mit besonderer mathematischer Begabung und Integration der F\u00f6rderma\u00dfnahmen in die Lehramtsausbildung (Jahrgangsstufen 8-13)<\/span><\/li>\n<li><span style=\"font-size: 12pt;\">Ziel: Integration der F\u00f6rderung von Sch\u00fclerinnen und Sch\u00fclern in die regul\u00e4re Lehramtsausbildung, d.h. <\/span><span style=\"font-size: 12pt;\">Sch\u00fclerinnen und Sch\u00fcler und Lehramtsstudierende besuchen gemeinsam fachmathematische Lehrveranstaltungen und profitieren wechselseitig: Sch\u00fcler durch Unterst\u00fctzung durch Lehramtsstudenten, Lehramtsstudenten\u00a0 durch den Kontakt mit Sch\u00fclern und der Auseinandersetzung mit didaktischen Fragestellungen zur Begabtenf\u00f6rderung<\/span><\/li>\n<li><span style=\"font-size: 12pt;\">F\u00f6rderung: Unter der Leitung von Prof. Dr. Engelbert Niehaus durch das Land Rheinland-Pfalz, F\u00f6rderlinie &#8222;WissenSchaf(f)t Zukunft&#8220; &amp; Deutsche Telekom-Stiftung, gef\u00f6rdert; F\u00f6rderzeitraum: 2006-2008<\/span><\/li>\n<li><span style=\"font-size: 12pt;\">Web: <a href=\"https:\/\/www.uni-koblenz-landau.de\/de\/landau\/fb7\/mathematik\/fortbildung\/schueleruni\">http:\/\/www.uni-koblenz-landau.de\/de\/landau\/landau\/fb7\/mathematik\/projekte\/schueleruni<\/a><\/span><\/li>\n<\/ul>\n","protected":false},"excerpt":{"rendered":"<p>Projekte Mathematisches Umweltlabor Projektmanagement 08\/2015-09\/2016; Organisation, Lehre &amp; Erforschung von Lern- und Bildungsprozessen 04\/2010-09\/2016 Beschreibung: Forschendes Lernen und Entwicklung von Lehrprofessionalit\u00e4t im Umgang mit Sch\u00fclerinnen und Sch\u00fclern mit besonderer naturwissenschaftlicher Begabung Web: https:\/\/www.uni-koblenz-landau.de\/de\/zentral\/aslo\/math-umweltlabor Sch\u00fcleruniversit\u00e4t Projektkoordination 09\/2014-09\/2016; Organisation &amp; Lehre 04\/2009-09\/2016 Beschreibung: F\u00f6rderung von Sch\u00fclerinnen und Sch\u00fclern mit besonderer mathematischer Begabung und Integration der F\u00f6rderma\u00dfnahmen in [&hellip;]<\/p>\n","protected":false},"author":2,"featured_media":466,"comment_status":"closed","ping_status":"closed","sticky":false,"template":"","format":"standard","meta":{"footnotes":""},"categories":[1],"tags":[],"class_list":["post-32","post","type-post","status-publish","format-standard","has-post-thumbnail","hentry","category-uncategorized","has-thumbnail"],"_links":{"self":[{"href":"https:\/\/melanie-platz.com\/startseite\/wp-json\/wp\/v2\/posts\/32","targetHints":{"allow":["GET"]}}],"collection":[{"href":"https:\/\/melanie-platz.com\/startseite\/wp-json\/wp\/v2\/posts"}],"about":[{"href":"https:\/\/melanie-platz.com\/startseite\/wp-json\/wp\/v2\/types\/post"}],"author":[{"embeddable":true,"href":"https:\/\/melanie-platz.com\/startseite\/wp-json\/wp\/v2\/users\/2"}],"replies":[{"embeddable":true,"href":"https:\/\/melanie-platz.com\/startseite\/wp-json\/wp\/v2\/comments?post=32"}],"version-history":[{"count":1,"href":"https:\/\/melanie-platz.com\/startseite\/wp-json\/wp\/v2\/posts\/32\/revisions"}],"predecessor-version":[{"id":467,"href":"https:\/\/melanie-platz.com\/startseite\/wp-json\/wp\/v2\/posts\/32\/revisions\/467"}],"wp:featuredmedia":[{"embeddable":true,"href":"https:\/\/melanie-platz.com\/startseite\/wp-json\/wp\/v2\/media\/466"}],"wp:attachment":[{"href":"https:\/\/melanie-platz.com\/startseite\/wp-json\/wp\/v2\/media?parent=32"}],"wp:term":[{"taxonomy":"category","embeddable":true,"href":"https:\/\/melanie-platz.com\/startseite\/wp-json\/wp\/v2\/categories?post=32"},{"taxonomy":"post_tag","embeddable":true,"href":"https:\/\/melanie-platz.com\/startseite\/wp-json\/wp\/v2\/tags?post=32"}],"curies":[{"name":"wp","href":"https:\/\/api.w.org\/{rel}","templated":true}]}}