{"id":36,"date":"2018-08-19T12:25:45","date_gmt":"2018-08-19T12:25:45","guid":{"rendered":"https:\/\/www.melanie-platz.com\/?p=36"},"modified":"2025-06-04T14:31:37","modified_gmt":"2025-06-04T14:31:37","slug":"projekt-eve","status":"publish","type":"post","link":"https:\/\/melanie-platz.com\/startseite\/uncategorized\/projekt-eve\/","title":{"rendered":"Projekt EVE"},"content":{"rendered":"\n<div>\u00a0<\/div>\n<div><span style=\"font-size: 12pt;\">Zur Zeit wird das gemeinsam mit zwei Mitarbeiterinnen der Fachgruppe Mathematikdidaktik der Universit\u00e4t Siegen entwickelte und von der Universit\u00e4t Siegen gef\u00f6rderte Projekt &#8222;EVE&#8220; (Etablierung von videovignettenstimulierten Videoclubs im Bereich der Mathematikdidaktik zur Erh\u00f6hung der Quote der m\u00e4nnlichen Studierenden im Bereich des Lehramtes f\u00fcr die Grundschule) durchgef\u00fchrt.<\/span><br \/><span style=\"font-size: 12pt;\">Zielsetzung des Gesamtprojekts ist es die Erh\u00f6hung des M\u00e4nneranteils im Studium des Grundschullehramtes und im Beruf des Grundschullehrers mit Hilfe der Etablierung von videostimulierten Diskussionsrunden, weiter voranzutreiben. Hierzu sollen weitere Untersuchungen von Gr\u00fcnden f\u00fcr eine Ablehnung oder Bejahung des Berufes des Grundschullehrers und des Studiums f\u00fcr das Grundschullehramt im Rahmen von videovignettenbasierten Diskussionsrunden analytisch in den Blick genommen werden und ein Konzept f\u00fcr die Durchf\u00fchrung von Videoclubs erarbeitet und erprobt werden. &#8222;Professional Visions&#8220; wird dabei als didaktisches Konstrukt zur Rekonstruktion genutzt, was es erm\u00f6glicht R\u00fcckschl\u00fcsse auf Orientierungen und \u00dcberzeugungen der Probanden zu ziehen.<\/span><\/div>\n<h2>Projekte<\/h2>\n<h3>EVE<\/h3>\n<p><span style=\"font-size: 12pt;\">Projektkoordination gemeinsam mit Anna Vogler und Dr. Eva Hoffart seit 05\/2017<\/span><\/p>\n<ul>\n<li><span style=\"font-size: 12pt;\">Beschreibung: Etablierung von videovignettenstimulierten Videoclubs im Bereich der Mathematikdidaktik zur Erh\u00f6hung der Quote der m\u00e4nnlichen Studierenden im Bereich des Lehramtes f\u00fcr die Grundschule<\/span><\/li>\n<li><span style=\"font-size: 12pt;\">Ziel: Die Erh\u00f6hung des M\u00e4nneranteils im Studium des Grundschullehramtes und im Beruf des Grundschullehrers mit Hilfe der Etablierung von videostimulierten Diskussionsrunden, sogenannten Videoclubs, weiter voranzutreiben.<\/span><\/li>\n<li><span style=\"font-size: 12pt;\">Zielgruppe: m\u00e4nnliche Studieninteressierte<\/span><\/li>\n<li><span style=\"font-size: 12pt;\">F\u00f6rderung: Projekte zur Gleichstellung von Frauen und M\u00e4nnern an der Universit\u00e4t Siegen; F\u00f6rderzeitraum: 2017-2018<\/span><\/li>\n<li><span style=\"font-size: 12pt;\">Web: <a href=\"http:\/\/eve-siegen.weebly.com\">http:\/\/eve-siegen.weebly.com<\/a><\/span><\/li>\n<\/ul>\n\n\n","protected":false},"excerpt":{"rendered":"","protected":false},"author":2,"featured_media":479,"comment_status":"closed","ping_status":"closed","sticky":false,"template":"","format":"standard","meta":{"footnotes":""},"categories":[1],"tags":[],"class_list":["post-36","post","type-post","status-publish","format-standard","has-post-thumbnail","hentry","category-uncategorized","has-thumbnail"],"_links":{"self":[{"href":"https:\/\/melanie-platz.com\/startseite\/wp-json\/wp\/v2\/posts\/36","targetHints":{"allow":["GET"]}}],"collection":[{"href":"https:\/\/melanie-platz.com\/startseite\/wp-json\/wp\/v2\/posts"}],"about":[{"href":"https:\/\/melanie-platz.com\/startseite\/wp-json\/wp\/v2\/types\/post"}],"author":[{"embeddable":true,"href":"https:\/\/melanie-platz.com\/startseite\/wp-json\/wp\/v2\/users\/2"}],"replies":[{"embeddable":true,"href":"https:\/\/melanie-platz.com\/startseite\/wp-json\/wp\/v2\/comments?post=36"}],"version-history":[{"count":1,"href":"https:\/\/melanie-platz.com\/startseite\/wp-json\/wp\/v2\/posts\/36\/revisions"}],"predecessor-version":[{"id":480,"href":"https:\/\/melanie-platz.com\/startseite\/wp-json\/wp\/v2\/posts\/36\/revisions\/480"}],"wp:featuredmedia":[{"embeddable":true,"href":"https:\/\/melanie-platz.com\/startseite\/wp-json\/wp\/v2\/media\/479"}],"wp:attachment":[{"href":"https:\/\/melanie-platz.com\/startseite\/wp-json\/wp\/v2\/media?parent=36"}],"wp:term":[{"taxonomy":"category","embeddable":true,"href":"https:\/\/melanie-platz.com\/startseite\/wp-json\/wp\/v2\/categories?post=36"},{"taxonomy":"post_tag","embeddable":true,"href":"https:\/\/melanie-platz.com\/startseite\/wp-json\/wp\/v2\/tags?post=36"}],"curies":[{"name":"wp","href":"https:\/\/api.w.org\/{rel}","templated":true}]}}