{"id":40,"date":"2018-08-19T12:26:53","date_gmt":"2018-08-19T12:26:53","guid":{"rendered":"https:\/\/www.melanie-platz.com\/?p=40"},"modified":"2025-06-04T14:22:10","modified_gmt":"2025-06-04T14:22:10","slug":"digitale-medien-in-der-lehre","status":"publish","type":"post","link":"https:\/\/melanie-platz.com\/startseite\/uncategorized\/digitale-medien-in-der-lehre\/","title":{"rendered":"Digitale Medien in der Lehre"},"content":{"rendered":"<p><span style=\"font-size: 12pt;\">Das Potenzial digitaler Medien f\u00fcr den Unterricht kann sich nur dann entfalten, wenn diese inhaltlich sinnvoll und didaktisch reflektiert eingesetzt werden. Gemeinsam mit Studierenden werden in Seminaren Lernumgebungen entwickelt, erprobt und reflektiert, in denen digitale Medien eingesetzt werden. Ein Ziel eines solchen Seminars ist es, praktische Erfahrungen zur Entwicklung von Lernumgebungen, zu\u00a0 Unterrichtsprojekten und <\/span><span style=\"font-size: 12pt;\">ggf. zu au\u00dferschulischem Unterricht zu sammeln und diese vor einem bildungstheoretischen Hintergrund zu reflektieren.<\/span><br \/><span style=\"font-size: 12pt;\">Ein Anwendungsbeispiel stellt das Erstellen eines Geocachings mit mathematischen Aufgaben dar, welches <a href=\"https:\/\/www.uni-siegen.de\/start\/news\/oeffentlichkeit\/824618.html\">2018 mit zwei dritten Klassen<\/a> (ca. 50 SuS) und im <a href=\"https:\/\/www.melanie-platz.com\/geocaching-2019\/\">Juni 2019 mit drei dritten Klassen<\/a> (ca. 75 SuS) in Siegen durchgef\u00fchrt wurde.<\/span><br \/><span style=\"font-size: 12pt;\">Ferner k\u00f6nnen bspw. durch die Erstellung eines Wikis zu einem Seminar oder einer Vorlesung innerhalb von Wikiversity durch Studierende sowohl fachliche Inhalte (Lernen durch Autorent\u00e4tigkeit), als auch Medienkompetenzen erworben werden.<\/span><\/p>\n<h2>Projekte<\/h2>\n<h3>OpenSource4School<\/h3>\n<p><span style=\"font-size: 12pt;\">Projektkoordination seit 08\/2015; Erstellung von Unterrichtsmaterialien seit 10\/2009<\/span><\/p>\n<ul>\n<li><span style=\"font-size: 12pt;\">Beschreibung: Anpassung von OpenSource-Software an die Bed\u00fcrfnisse des Mathematikunterrichts<\/span><\/li>\n<li><span style=\"font-size: 12pt;\">F\u00f6rderung: Das Unterprojekt <a href=\"https:\/\/maxima4schools.weebly.com\/\">Maxima4School<\/a> wurde unter der Leitung von Prof. Dr. Engelbert Niehaus durch das Land Rheinland-Pfalz, F\u00f6rderlinie &#8222;WissenSchaf(f)t Zukunft&#8220; &amp; Deutsche Telekom-Stiftung, gef\u00f6rdert; F\u00f6rderzeitraum: 2006-2008<\/span><\/li>\n<li><span style=\"font-size: 12pt;\">Web: <a href=\"https:\/\/de.wikiversity.org\/wiki\/OpenSource4School\">https:\/\/de.wikiversity.org\/wiki\/OpenSource4School<\/a><\/span><\/li>\n<\/ul>\n\n<h2>Mitgliedschaften<\/h2>\n\n\n\n<p class=\"has-background has-small-font-size has-white-background-color\"><span style=\"font-size: 12pt;\">Seit 2018 &#8211; Mitglied der\u00a0Arbeitsgruppe <strong>PriMaMedien<\/strong> im Arbeitskreis Grundschule der Gesellschaft f\u00fcr Didaktik der Mathematik: <a href=\"http:\/\/www.pri-ma-medien.de\/personen\/melanie\/platz\">http:\/\/www.pri-ma-medien.de\/personen\/melanie\/platz<\/a><\/span><\/p>\n<h2>Entwickelte Apps &amp; Applets<\/h2>\n<p style=\"text-align: left;\"><strong><a href=\"https:\/\/www.melanie-platz.com\/apps-applets\/\">Apps &amp; Applets<\/a><\/strong><\/p>\n","protected":false},"excerpt":{"rendered":"<p>Das Potenzial digitaler Medien f\u00fcr den Unterricht kann sich nur dann entfalten, wenn diese inhaltlich sinnvoll und didaktisch reflektiert eingesetzt werden. Gemeinsam mit Studierenden werden in Seminaren Lernumgebungen entwickelt, erprobt und reflektiert, in denen digitale Medien eingesetzt werden. Ein Ziel eines solchen Seminars ist es, praktische Erfahrungen zur Entwicklung von Lernumgebungen, zu\u00a0 Unterrichtsprojekten und ggf. [&hellip;]<\/p>\n","protected":false},"author":2,"featured_media":468,"comment_status":"closed","ping_status":"closed","sticky":false,"template":"","format":"standard","meta":{"footnotes":""},"categories":[1],"tags":[],"class_list":["post-40","post","type-post","status-publish","format-standard","has-post-thumbnail","hentry","category-uncategorized","has-thumbnail"],"_links":{"self":[{"href":"https:\/\/melanie-platz.com\/startseite\/wp-json\/wp\/v2\/posts\/40","targetHints":{"allow":["GET"]}}],"collection":[{"href":"https:\/\/melanie-platz.com\/startseite\/wp-json\/wp\/v2\/posts"}],"about":[{"href":"https:\/\/melanie-platz.com\/startseite\/wp-json\/wp\/v2\/types\/post"}],"author":[{"embeddable":true,"href":"https:\/\/melanie-platz.com\/startseite\/wp-json\/wp\/v2\/users\/2"}],"replies":[{"embeddable":true,"href":"https:\/\/melanie-platz.com\/startseite\/wp-json\/wp\/v2\/comments?post=40"}],"version-history":[{"count":1,"href":"https:\/\/melanie-platz.com\/startseite\/wp-json\/wp\/v2\/posts\/40\/revisions"}],"predecessor-version":[{"id":469,"href":"https:\/\/melanie-platz.com\/startseite\/wp-json\/wp\/v2\/posts\/40\/revisions\/469"}],"wp:featuredmedia":[{"embeddable":true,"href":"https:\/\/melanie-platz.com\/startseite\/wp-json\/wp\/v2\/media\/468"}],"wp:attachment":[{"href":"https:\/\/melanie-platz.com\/startseite\/wp-json\/wp\/v2\/media?parent=40"}],"wp:term":[{"taxonomy":"category","embeddable":true,"href":"https:\/\/melanie-platz.com\/startseite\/wp-json\/wp\/v2\/categories?post=40"},{"taxonomy":"post_tag","embeddable":true,"href":"https:\/\/melanie-platz.com\/startseite\/wp-json\/wp\/v2\/tags?post=40"}],"curies":[{"name":"wp","href":"https:\/\/api.w.org\/{rel}","templated":true}]}}