{"id":443,"date":"2018-08-19T12:29:46","date_gmt":"2018-08-19T12:29:46","guid":{"rendered":"https:\/\/www.melanie-platz.com\/?p=1"},"modified":"2025-06-04T14:06:17","modified_gmt":"2025-06-04T14:06:17","slug":"lebenslauf","status":"publish","type":"post","link":"https:\/\/melanie-platz.com\/startseite\/uncategorized\/lebenslauf\/","title":{"rendered":"Lebenslauf &#038; Forschung"},"content":{"rendered":"<h1>Lebenslauf<\/h1>\n<h2>Bisherige berufliche T\u00e4tigkeiten<\/h2>\n<ul>\n<li><span style=\"font-size: 12pt;\">seit 03\/2021: <strong>Universit\u00e4tsprofessorin <span class=\"sig\">f\u00fcr\u00a0Didaktik\u00a0der\u00a0Primarstufe\u00a0\u2013\u00a0Schwerpunkt\u00a0Mathematik<\/span> <\/strong>an der Universit\u00e4t des Saarlandes <\/span><\/li>\n<li><span style=\"font-size: 12pt;\">10\/2019 &#8211; 02\/2021: <strong>Hochschulprofessorin f\u00fcr Mathematikdidaktik in der Primarausbildung<\/strong> an der P\u00e4dagogischen Hochschule Tirol (Innsbruck, \u00d6sterreich) &amp; Leitung der Fachcommunity Mathematik<\/span><\/li>\n<li><span style=\"font-size: 12pt;\">03\/2019 &#8211; 08\/2019: <strong>wissenschaftliche Mitarbeiterin in der Abteilung f\u00fcr Mathematik und ihre Didaktik (Primarstufe)<\/strong> an der Europa-Universit\u00e4t Flensburg<\/span><\/li>\n<li><span style=\"font-size: 12pt;\">10\/2018 &#8211; 02\/2019: <strong>wissenschaftliche Mitarbeiterin (PostDoc) in der Fachgruppe Didaktik der Mathematik (Primarstufe) im Forschungsverbund MINTUS<\/strong> an der Universit\u00e4t Siegen<\/span><\/li>\n<li><span style=\"font-size: 12pt;\">10\/2017 &#8211; 09\/2018: <strong>Vertretungsprofessorin f\u00fcr Didaktik der Mathematik (Primarstufe)<\/strong> an der Universit\u00e4t Siegen<\/span><\/li>\n<li><span style=\"font-size: 12pt;\">04\/2017-09\/2017: <strong>Vertretungsprofessorin f\u00fcr Didaktik der Mathematik (Sekundarstufe I)<\/strong> an der P\u00e4dagogischen Hochschule Freiburg<\/span><\/li>\n<li><span style=\"font-size: 12pt;\">08\/2017-09\/2017: <strong>DAAD-gef\u00f6rderte Kurzzeitdozentur im Bereich Mathematics Education &amp; Computer Application Technology<\/strong> an der University of Pretoria<\/span><\/li>\n<li><span style=\"font-size: 12pt;\">10\/2016-03\/2017: <strong>Vertretungsprofessorin f\u00fcr Didaktik der Mathematik (Primarstufe)<\/strong> an der Universit\u00e4t Siegen<\/span><\/li>\n<li><span style=\"font-size: 12pt;\">04\/2011-09\/2016: <strong>wissenschaftliche Mitarbeiterin &amp; Lehrkraft f\u00fcr besondere Aufgaben am Institut f\u00fcr Mathematik<\/strong> der Universit\u00e4t Koblenz-Landau<\/span><\/li>\n<li><span style=\"font-size: 12pt;\"><strong>Lehrbeauftragte im Bereich Mathematik und Mathematikdidaktik<\/strong> an der Hochschule Karlsruhe \u2013 Technik und Wirtschaft, der Universit\u00e4t Siegen, der Westf\u00e4lischen Wilhelms-Universit\u00e4t M\u00fcnster und der P\u00e4dagogischen Hochschule Tirol<br \/><\/span><\/li>\n<\/ul>\n<h2>Akademische Ausbildung<\/h2>\n<ul>\n<li><span style=\"font-size: 12pt;\">02\/2014: <strong>Promotion zum Dr. rer. nat. im Fach Mathematik<\/strong> an der Universit\u00e4t Koblenz-Landau<\/span><\/li>\n<li><span style=\"font-size: 12pt;\">05\/2010: <strong>Promotionseignungspr\u00fcfung im Fach Mathematik<\/strong> an der Universit\u00e4t Koblenz-Landau<\/span><\/li>\n<li><span style=\"font-size: 12pt;\">03\/2009: <strong>1. Staatsexamen &#8211; Realschullehramt Mathematik &amp; Bildende Kunst<\/strong> an der Universit\u00e4t Koblenz-Landau<\/span><\/li>\n<\/ul>\n<h2>Fort- und Weiterbildung<\/h2>\n<ul>\n<li><span style=\"font-size: 12pt;\">03\/2020: <strong>Dyskalkulietherapeutin (IFLW)<\/strong>, Institut f\u00fcr integrative Lerntherapie und Weiterbildung GmbH<\/span><\/li>\n<\/ul>\n<div style=\"font-family: helvetica,sans-serif; font-size: smaller; text-align: center; padding: 20px;\"><a href=\"https:\/\/www.iflw.de\/zertifikat\/suchen.php?formPruefnummer=RS-445-PR-20432&amp;formNachname=Platz\" rel=\"nofollow\"><img decoding=\"async\" style=\"display: block; margin-left: auto; margin-right: auto;\" src=\"https:\/\/www.iflw.de\/images\/IFLW_Pruefsiegel.png\" alt=\"Pr\u00fcfsiegel Dyskalkulietherapeut\/in (IFLW) RS-445-PR\" \/><\/a><br \/>Dyskalkulietherapeut\/in (IFLW)<br \/><a href=\"https:\/\/www.iflw.de\">www.iflw.de<\/a> &#8211; <a href=\"https:\/\/www.iflw.de\/zertifikat\/suchen.php?formPruefnummer=RS-445-PR-20432&amp;formNachname=Platz\" rel=\"nofollow\">Pr\u00fcfnummer RS-445-PR-20432<\/a><\/div>\n<ul>\n<li><span style=\"font-size: 12pt;\">10\/2019: <strong>Gepr\u00fcfte Android-App-Programmiererin (SGD)<\/strong>, Studiengemeinschaft Darmstadt<\/span><\/li>\n<\/ul>\n<h2>Besondere T\u00e4tigkeiten<\/h2>\n<ul>\n<li><span style=\"font-size: 12pt;\"><strong>Editor <\/strong>beim <a href=\"https:\/\/www.iejme.com\">International Electronic Journal of Mathematics Education<\/a><\/span><\/li>\n<li><span style=\"font-size: 12pt;\"><strong>Vice-Chair<\/strong> des <a href=\"https:\/\/ieee-edusociety.org\/technical-committee\/technical-committee-immersive-learning-environments\">IEEE\u00a0Technical Committee on Immersive Learning (TC-ILE)<\/a><\/span><\/li>\n<li><span style=\"font-size: 12pt;\">Begutachtung von drei PhD-Theses als <strong>External Examiner<\/strong> im Bereich Information Systems bzw. Computer Informations Systems und zweier Mastertheses im Bereich Computing der University of the Free State, der University of Fort Hare und der University of South Africa (S\u00fcdafrika)<\/span><\/li>\n<li><span style=\"font-size: 12pt;\">Ernennung zum <strong>Reviewer<\/strong> f\u00fcr die National Research Foundation (NRF) South Africa im Programm: Competitive support for unrated researchers (CSUR)<\/span><\/li>\n<\/ul>\n<h2>Besondere Mitgliedschaften<\/h2>\n<ul>\n<li><span style=\"font-size: 12pt;\">Mitglied der <strong>Working Group Space &amp; Global Health der United Nations (UN).<\/strong> In diesem Rahmen: Mitglied der deutschen Delegation bei den Sessions of the Scientific and Technical Subcommittee of the United Nations Committee on the Peaceful Uses of Outer Space (COPUOS) in Wien, ernannt durch das United Nations Office for Outer Space Affairs (UNOOSA).<\/span><\/li>\n<li><span style=\"font-size: 12pt;\">Mitglied der <a href=\"https:\/\/opensearchfoundation.org\/team\/\"><strong>Open Search Foundation<\/strong><\/a>. In diesem Rahmen: Co-Moderatorin der <a href=\"https:\/\/opensearchfoundation.org\/en\/working-group-applications\/\"><strong>Fachgruppe Applications<\/strong><\/a>.<\/span><\/li>\n<\/ul>\n<h1>Forschung<\/h1>\n<p><span style=\"font-size: 12pt;\">In meiner Forschung verfolge ich das Ziel der <strong>Entwicklung von substanziellen Lernumgebungen f\u00fcr den Mathematikunterricht mit digitalen Technologien<\/strong> (selbst(weiter)entwickelte Open Source Apps &amp; Applets auf Tablet PCs &amp; PCs) zur Unterst\u00fctzung von Probleml\u00f6sef\u00e4higkeiten durch <strong>authentische Anwendungsszenarien<\/strong>. Ein zentraler Medienaspekt wird durch eine automatisierte Erfassung des handelnden Umgangs mit Lehr-Lernmaterialien implementiert, um u.a. ma\u00dfgeschneiderte Interaktivit\u00e4t f\u00fcr Sch\u00fclerinnen und Sch\u00fcler oder Studierende sowie eine sofortige Diagnosefunktion f\u00fcr die Lehrkraft oder den Dozenten anzubieten.<\/span><\/p>\n\n\n\n\n<p><img loading=\"lazy\" decoding=\"async\" class=\"wp-image-327  alignnone\" src=\"https:\/\/www.melanie-platz.com\/wp-content\/uploads\/2020\/03\/Forschung-1.png\" alt=\"\" width=\"628\" height=\"444\" \/><\/p>\n\n\n\n<div class=\"wp-block-button aligncenter\" style=\"text-align: center;\"><a class=\"wp-block-button__link has-background has-light-gray-background-color\" href=\"https:\/\/www.math.uni-sb.de\/lehramt4\/index.php\/scroll-zu-top-d?view=article&amp;id=24:melanie-platz&amp;catid=12&amp;start=1\">Publikationen <\/a><\/div>\n<div style=\"text-align: center;\">\u00a0<\/div>\n<h2>Portale<\/h2>\n<ul>\n<li>ResearchGate: <a href=\"https:\/\/www.researchgate.net\/profile\/Melanie_Platz\">https:\/\/www.researchgate.net\/profile\/Melanie_Platz<\/a><\/li>\n<li>Madipedia: <a href=\"https:\/\/madipedia.de\/wiki\/Melanie_Platz\">https:\/\/madipedia.de\/wiki\/Melanie_Platz<\/a><\/li>\n<\/ul>\n<p>&nbsp;<\/p>\n","protected":false},"excerpt":{"rendered":"<p>Lebenslauf Bisherige berufliche T\u00e4tigkeiten seit 03\/2021: Universit\u00e4tsprofessorin f\u00fcr\u00a0Didaktik\u00a0der\u00a0Primarstufe\u00a0\u2013\u00a0Schwerpunkt\u00a0Mathematik an der Universit\u00e4t des Saarlandes 10\/2019 &#8211; 02\/2021: Hochschulprofessorin f\u00fcr Mathematikdidaktik in der Primarausbildung an der P\u00e4dagogischen Hochschule Tirol (Innsbruck, \u00d6sterreich) &amp; Leitung der Fachcommunity Mathematik 03\/2019 &#8211; 08\/2019: wissenschaftliche Mitarbeiterin in der Abteilung f\u00fcr Mathematik und ihre Didaktik (Primarstufe) an der Europa-Universit\u00e4t Flensburg 10\/2018 &#8211; 02\/2019: [&hellip;]<\/p>\n","protected":false},"author":2,"featured_media":455,"comment_status":"closed","ping_status":"closed","sticky":false,"template":"","format":"standard","meta":{"footnotes":""},"categories":[1],"tags":[],"class_list":["post-443","post","type-post","status-publish","format-standard","has-post-thumbnail","hentry","category-uncategorized","has-thumbnail"],"_links":{"self":[{"href":"https:\/\/melanie-platz.com\/startseite\/wp-json\/wp\/v2\/posts\/443","targetHints":{"allow":["GET"]}}],"collection":[{"href":"https:\/\/melanie-platz.com\/startseite\/wp-json\/wp\/v2\/posts"}],"about":[{"href":"https:\/\/melanie-platz.com\/startseite\/wp-json\/wp\/v2\/types\/post"}],"author":[{"embeddable":true,"href":"https:\/\/melanie-platz.com\/startseite\/wp-json\/wp\/v2\/users\/2"}],"replies":[{"embeddable":true,"href":"https:\/\/melanie-platz.com\/startseite\/wp-json\/wp\/v2\/comments?post=443"}],"version-history":[{"count":1,"href":"https:\/\/melanie-platz.com\/startseite\/wp-json\/wp\/v2\/posts\/443\/revisions"}],"predecessor-version":[{"id":456,"href":"https:\/\/melanie-platz.com\/startseite\/wp-json\/wp\/v2\/posts\/443\/revisions\/456"}],"wp:featuredmedia":[{"embeddable":true,"href":"https:\/\/melanie-platz.com\/startseite\/wp-json\/wp\/v2\/media\/455"}],"wp:attachment":[{"href":"https:\/\/melanie-platz.com\/startseite\/wp-json\/wp\/v2\/media?parent=443"}],"wp:term":[{"taxonomy":"category","embeddable":true,"href":"https:\/\/melanie-platz.com\/startseite\/wp-json\/wp\/v2\/categories?post=443"},{"taxonomy":"post_tag","embeddable":true,"href":"https:\/\/melanie-platz.com\/startseite\/wp-json\/wp\/v2\/tags?post=443"}],"curies":[{"name":"wp","href":"https:\/\/api.w.org\/{rel}","templated":true}]}}